{"id":4457,"date":"2022-03-16T18:11:31","date_gmt":"2022-03-16T18:11:31","guid":{"rendered":"http:\/\/bergeriedelasouleuvre.fr\/?p=4457"},"modified":"2022-03-26T18:00:04","modified_gmt":"2022-03-26T18:00:04","slug":"fromages-affines","status":"publish","type":"post","link":"http:\/\/bergeriedelasouleuvre.fr\/index.php\/2022\/03\/16\/fromages-affines\/","title":{"rendered":"Nos fromages affin\u00e9s"},"content":{"rendered":"\n<p>Entre autres fromages, \u00e0 la Bergerie, nous produisons des petits fromages affin\u00e9s. C&rsquo;est un fromage lactique dans lequel nous ajoutons, avant le caillage et au moment de l&#8217;empr\u00e9surage, des ferments qui permettent \u00e0 la flore de d\u00e9velopper des saveurs mais aussi des textures. Il faut en moyenne 10 \u00e0 15 jours d&rsquo;affinage pour que le fromage affin\u00e9 puisse \u00eatre d\u00e9guster. <\/p>\n\n\n\n<figure class=\"wp-block-gallery has-nested-images columns-default is-cropped wp-block-gallery-1 is-layout-flex wp-block-gallery-is-layout-flex\">\n<figure class=\"wp-block-image size-large is-style-default\"><img loading=\"lazy\" decoding=\"async\" width=\"800\" height=\"369\" data-id=\"4462\" src=\"http:\/\/bergeriedelasouleuvre.fr\/wp-content\/uploads\/2022\/03\/IMG_20220314_191826.jpg\" alt=\"Le caill\u00e9 est moul\u00e9 et s'\u00e9goutte\" class=\"wp-image-4462\" srcset=\"http:\/\/bergeriedelasouleuvre.fr\/wp-content\/uploads\/2022\/03\/IMG_20220314_191826.jpg 800w, http:\/\/bergeriedelasouleuvre.fr\/wp-content\/uploads\/2022\/03\/IMG_20220314_191826-300x138.jpg 300w, http:\/\/bergeriedelasouleuvre.fr\/wp-content\/uploads\/2022\/03\/IMG_20220314_191826-768x354.jpg 768w, http:\/\/bergeriedelasouleuvre.fr\/wp-content\/uploads\/2022\/03\/IMG_20220314_191826-130x60.jpg 130w, http:\/\/bergeriedelasouleuvre.fr\/wp-content\/uploads\/2022\/03\/IMG_20220314_191826-600x277.jpg 600w\" sizes=\"auto, (max-width: 800px) 100vw, 800px\" \/><figcaption><strong>Le moulage<\/strong><\/figcaption><\/figure>\n\n\n\n<figure class=\"wp-block-image size-large is-style-default\"><img loading=\"lazy\" decoding=\"async\" width=\"800\" height=\"369\" data-id=\"4461\" src=\"http:\/\/bergeriedelasouleuvre.fr\/wp-content\/uploads\/2022\/03\/IMG_20220314_191837.jpg\" alt=\"Les fromages moul\u00e9s sont \u00e0 l'\u00e9gouttage\" class=\"wp-image-4461\" srcset=\"http:\/\/bergeriedelasouleuvre.fr\/wp-content\/uploads\/2022\/03\/IMG_20220314_191837.jpg 800w, http:\/\/bergeriedelasouleuvre.fr\/wp-content\/uploads\/2022\/03\/IMG_20220314_191837-300x138.jpg 300w, http:\/\/bergeriedelasouleuvre.fr\/wp-content\/uploads\/2022\/03\/IMG_20220314_191837-768x354.jpg 768w, http:\/\/bergeriedelasouleuvre.fr\/wp-content\/uploads\/2022\/03\/IMG_20220314_191837-130x60.jpg 130w, http:\/\/bergeriedelasouleuvre.fr\/wp-content\/uploads\/2022\/03\/IMG_20220314_191837-600x277.jpg 600w\" sizes=\"auto, (max-width: 800px) 100vw, 800px\" \/><figcaption><strong>L&rsquo;\u00e9gouttage<\/strong><\/figcaption><\/figure>\n\n\n\n<figure class=\"wp-block-image size-large is-style-default\"><img loading=\"lazy\" decoding=\"async\" width=\"800\" height=\"369\" data-id=\"4459\" src=\"http:\/\/bergeriedelasouleuvre.fr\/wp-content\/uploads\/2022\/03\/IMG_20220314_191929.jpg\" alt=\"Les affin\u00e9s en cave d'affinage\" class=\"wp-image-4459\" srcset=\"http:\/\/bergeriedelasouleuvre.fr\/wp-content\/uploads\/2022\/03\/IMG_20220314_191929.jpg 800w, http:\/\/bergeriedelasouleuvre.fr\/wp-content\/uploads\/2022\/03\/IMG_20220314_191929-300x138.jpg 300w, http:\/\/bergeriedelasouleuvre.fr\/wp-content\/uploads\/2022\/03\/IMG_20220314_191929-768x354.jpg 768w, http:\/\/bergeriedelasouleuvre.fr\/wp-content\/uploads\/2022\/03\/IMG_20220314_191929-130x60.jpg 130w, http:\/\/bergeriedelasouleuvre.fr\/wp-content\/uploads\/2022\/03\/IMG_20220314_191929-600x277.jpg 600w\" sizes=\"auto, (max-width: 800px) 100vw, 800px\" \/><figcaption><strong>L&rsquo;affinage<\/strong><\/figcaption><\/figure>\n\n\n\n<figure class=\"wp-block-image size-large is-style-default\"><img loading=\"lazy\" decoding=\"async\" width=\"800\" height=\"369\" data-id=\"4460\" src=\"http:\/\/bergeriedelasouleuvre.fr\/wp-content\/uploads\/2022\/03\/IMG_20220314_191943.jpg\" alt=\"Vue sur une fromage affin\u00e9\" class=\"wp-image-4460\" srcset=\"http:\/\/bergeriedelasouleuvre.fr\/wp-content\/uploads\/2022\/03\/IMG_20220314_191943.jpg 800w, http:\/\/bergeriedelasouleuvre.fr\/wp-content\/uploads\/2022\/03\/IMG_20220314_191943-300x138.jpg 300w, http:\/\/bergeriedelasouleuvre.fr\/wp-content\/uploads\/2022\/03\/IMG_20220314_191943-768x354.jpg 768w, http:\/\/bergeriedelasouleuvre.fr\/wp-content\/uploads\/2022\/03\/IMG_20220314_191943-130x60.jpg 130w, http:\/\/bergeriedelasouleuvre.fr\/wp-content\/uploads\/2022\/03\/IMG_20220314_191943-600x277.jpg 600w\" sizes=\"auto, (max-width: 800px) 100vw, 800px\" \/><figcaption><strong>Un fromage affin\u00e9<\/strong><\/figcaption><\/figure>\n<\/figure>\n\n\n\n<p><\/p>\n","protected":false},"excerpt":{"rendered":"<p>Entre autres fromages, \u00e0 la Bergerie, nous produisons des petits fromages affin\u00e9s. C&rsquo;est un fromage lactique dans lequel nous ajoutons, avant le caillage et au &hellip; <\/p>\n","protected":false},"author":1,"featured_media":0,"comment_status":"open","ping_status":"open","sticky":false,"template":"","format":"standard","meta":{"om_disable_all_campaigns":false,"_uag_custom_page_level_css":"","_monsterinsights_skip_tracking":false,"_monsterinsights_sitenote_active":false,"_monsterinsights_sitenote_note":"","_monsterinsights_sitenote_category":0,"footnotes":""},"categories":[1],"tags":[24,23],"class_list":["post-4457","post","type-post","status-publish","format-standard","hentry","category-articles","tag-bergerie-souleuvre","tag-fromages-affines","latest_post"],"yoast_head":"<!-- This site is optimized with the Yoast SEO plugin v27.5 - https:\/\/yoast.com\/product\/yoast-seo-wordpress\/ -->\n<title>Nos fromages affin\u00e9s - Bergerie de la Souleuvre<\/title>\n<meta name=\"description\" content=\"\u00e0 la Bergerie, nous produisons des petits fromages affin\u00e9s. C&#039;est un fromage lactique dans lequel nous ajoutons\" \/>\n<meta name=\"robots\" content=\"index, follow, max-snippet:-1, max-image-preview:large, max-video-preview:-1\" \/>\n<link rel=\"canonical\" href=\"http:\/\/bergeriedelasouleuvre.fr\/index.php\/2022\/03\/16\/fromages-affines\/\" \/>\n<meta property=\"og:locale\" content=\"fr_FR\" \/>\n<meta property=\"og:type\" content=\"article\" \/>\n<meta property=\"og:title\" content=\"Nos fromages affin\u00e9s\" \/>\n<meta property=\"og:description\" content=\"\u00e0 la Bergerie, nous produisons des petits fromages affin\u00e9s. C&#039;est un fromage lactique dans lequel nous ajoutons\" \/>\n<meta property=\"og:url\" content=\"http:\/\/bergeriedelasouleuvre.fr\/index.php\/2022\/03\/16\/fromages-affines\/\" \/>\n<meta property=\"og:site_name\" content=\"Bergerie de la Souleuvre\" \/>\n<meta property=\"article:published_time\" content=\"2022-03-16T18:11:31+00:00\" \/>\n<meta property=\"article:modified_time\" content=\"2022-03-26T18:00:04+00:00\" \/>\n<meta property=\"og:image\" content=\"http:\/\/bergeriedelasouleuvre.fr\/wp-content\/uploads\/2022\/03\/IMG_20220314_191943.jpg\" \/>\n\t<meta property=\"og:image:width\" content=\"800\" \/>\n\t<meta property=\"og:image:height\" content=\"369\" \/>\n\t<meta property=\"og:image:type\" content=\"image\/jpeg\" \/>\n<meta name=\"author\" content=\"bergeriedelasouleuvre@gmail.com\" \/>\n<meta name=\"twitter:card\" content=\"summary_large_image\" \/>\n<meta name=\"twitter:label1\" content=\"\u00c9crit par\" \/>\n\t<meta name=\"twitter:data1\" content=\"bergeriedelasouleuvre@gmail.com\" \/>\n\t<meta name=\"twitter:label2\" content=\"Dur\u00e9e de lecture estim\u00e9e\" \/>\n\t<meta name=\"twitter:data2\" content=\"2 minutes\" \/>\n<script type=\"application\/ld+json\" class=\"yoast-schema-graph\">{\"@context\":\"https:\\\/\\\/schema.org\",\"@graph\":[{\"@type\":\"Article\",\"@id\":\"http:\\\/\\\/bergeriedelasouleuvre.fr\\\/index.php\\\/2022\\\/03\\\/16\\\/fromages-affines\\\/#article\",\"isPartOf\":{\"@id\":\"http:\\\/\\\/bergeriedelasouleuvre.fr\\\/index.php\\\/2022\\\/03\\\/16\\\/fromages-affines\\\/\"},\"author\":{\"name\":\"bergeriedelasouleuvre@gmail.com\",\"@id\":\"http:\\\/\\\/bergeriedelasouleuvre.fr\\\/#\\\/schema\\\/person\\\/d01029aeb61dda73bb76c26f85d44e0e\"},\"headline\":\"Nos fromages affin\u00e9s\",\"datePublished\":\"2022-03-16T18:11:31+00:00\",\"dateModified\":\"2022-03-26T18:00:04+00:00\",\"mainEntityOfPage\":{\"@id\":\"http:\\\/\\\/bergeriedelasouleuvre.fr\\\/index.php\\\/2022\\\/03\\\/16\\\/fromages-affines\\\/\"},\"wordCount\":71,\"commentCount\":0,\"publisher\":{\"@id\":\"http:\\\/\\\/bergeriedelasouleuvre.fr\\\/#organization\"},\"image\":{\"@id\":\"http:\\\/\\\/bergeriedelasouleuvre.fr\\\/index.php\\\/2022\\\/03\\\/16\\\/fromages-affines\\\/#primaryimage\"},\"thumbnailUrl\":\"http:\\\/\\\/bergeriedelasouleuvre.fr\\\/wp-content\\\/uploads\\\/2022\\\/03\\\/IMG_20220314_191826.jpg\",\"keywords\":[\"Bergerie Souleuvre\",\"Fromages affin\u00e9s\"],\"articleSection\":[\"Articles\"],\"inLanguage\":\"fr-FR\",\"potentialAction\":[{\"@type\":\"CommentAction\",\"name\":\"Comment\",\"target\":[\"http:\\\/\\\/bergeriedelasouleuvre.fr\\\/index.php\\\/2022\\\/03\\\/16\\\/fromages-affines\\\/#respond\"]}]},{\"@type\":\"WebPage\",\"@id\":\"http:\\\/\\\/bergeriedelasouleuvre.fr\\\/index.php\\\/2022\\\/03\\\/16\\\/fromages-affines\\\/\",\"url\":\"http:\\\/\\\/bergeriedelasouleuvre.fr\\\/index.php\\\/2022\\\/03\\\/16\\\/fromages-affines\\\/\",\"name\":\"Nos fromages affin\u00e9s - Bergerie de la Souleuvre\",\"isPartOf\":{\"@id\":\"http:\\\/\\\/bergeriedelasouleuvre.fr\\\/#website\"},\"primaryImageOfPage\":{\"@id\":\"http:\\\/\\\/bergeriedelasouleuvre.fr\\\/index.php\\\/2022\\\/03\\\/16\\\/fromages-affines\\\/#primaryimage\"},\"image\":{\"@id\":\"http:\\\/\\\/bergeriedelasouleuvre.fr\\\/index.php\\\/2022\\\/03\\\/16\\\/fromages-affines\\\/#primaryimage\"},\"thumbnailUrl\":\"http:\\\/\\\/bergeriedelasouleuvre.fr\\\/wp-content\\\/uploads\\\/2022\\\/03\\\/IMG_20220314_191826.jpg\",\"datePublished\":\"2022-03-16T18:11:31+00:00\",\"dateModified\":\"2022-03-26T18:00:04+00:00\",\"description\":\"\u00e0 la Bergerie, nous produisons des petits fromages affin\u00e9s. C'est un fromage lactique dans lequel nous ajoutons\",\"breadcrumb\":{\"@id\":\"http:\\\/\\\/bergeriedelasouleuvre.fr\\\/index.php\\\/2022\\\/03\\\/16\\\/fromages-affines\\\/#breadcrumb\"},\"inLanguage\":\"fr-FR\",\"potentialAction\":[{\"@type\":\"ReadAction\",\"target\":[\"http:\\\/\\\/bergeriedelasouleuvre.fr\\\/index.php\\\/2022\\\/03\\\/16\\\/fromages-affines\\\/\"]}]},{\"@type\":\"ImageObject\",\"inLanguage\":\"fr-FR\",\"@id\":\"http:\\\/\\\/bergeriedelasouleuvre.fr\\\/index.php\\\/2022\\\/03\\\/16\\\/fromages-affines\\\/#primaryimage\",\"url\":\"http:\\\/\\\/bergeriedelasouleuvre.fr\\\/wp-content\\\/uploads\\\/2022\\\/03\\\/IMG_20220314_191826.jpg\",\"contentUrl\":\"http:\\\/\\\/bergeriedelasouleuvre.fr\\\/wp-content\\\/uploads\\\/2022\\\/03\\\/IMG_20220314_191826.jpg\",\"width\":800,\"height\":369},{\"@type\":\"BreadcrumbList\",\"@id\":\"http:\\\/\\\/bergeriedelasouleuvre.fr\\\/index.php\\\/2022\\\/03\\\/16\\\/fromages-affines\\\/#breadcrumb\",\"itemListElement\":[{\"@type\":\"ListItem\",\"position\":1,\"name\":\"Accueil\",\"item\":\"http:\\\/\\\/bergeriedelasouleuvre.fr\\\/\"},{\"@type\":\"ListItem\",\"position\":2,\"name\":\"Nos fromages affin\u00e9s\"}]},{\"@type\":\"WebSite\",\"@id\":\"http:\\\/\\\/bergeriedelasouleuvre.fr\\\/#website\",\"url\":\"http:\\\/\\\/bergeriedelasouleuvre.fr\\\/\",\"name\":\"Bergerie de la Souleuvre\",\"description\":\"Produits fermiers au lait de brebis\",\"publisher\":{\"@id\":\"http:\\\/\\\/bergeriedelasouleuvre.fr\\\/#organization\"},\"potentialAction\":[{\"@type\":\"SearchAction\",\"target\":{\"@type\":\"EntryPoint\",\"urlTemplate\":\"http:\\\/\\\/bergeriedelasouleuvre.fr\\\/?s={search_term_string}\"},\"query-input\":{\"@type\":\"PropertyValueSpecification\",\"valueRequired\":true,\"valueName\":\"search_term_string\"}}],\"inLanguage\":\"fr-FR\"},{\"@type\":\"Organization\",\"@id\":\"http:\\\/\\\/bergeriedelasouleuvre.fr\\\/#organization\",\"name\":\"Bergerie de la Souleuvre\",\"url\":\"http:\\\/\\\/bergeriedelasouleuvre.fr\\\/\",\"logo\":{\"@type\":\"ImageObject\",\"inLanguage\":\"fr-FR\",\"@id\":\"http:\\\/\\\/bergeriedelasouleuvre.fr\\\/#\\\/schema\\\/logo\\\/image\\\/\",\"url\":\"http:\\\/\\\/bergeriedelasouleuvre.fr\\\/wp-content\\\/uploads\\\/2022\\\/02\\\/cropped-cropped-logoPNG.png\",\"contentUrl\":\"http:\\\/\\\/bergeriedelasouleuvre.fr\\\/wp-content\\\/uploads\\\/2022\\\/02\\\/cropped-cropped-logoPNG.png\",\"width\":512,\"height\":512,\"caption\":\"Bergerie de la Souleuvre\"},\"image\":{\"@id\":\"http:\\\/\\\/bergeriedelasouleuvre.fr\\\/#\\\/schema\\\/logo\\\/image\\\/\"}},{\"@type\":\"Person\",\"@id\":\"http:\\\/\\\/bergeriedelasouleuvre.fr\\\/#\\\/schema\\\/person\\\/d01029aeb61dda73bb76c26f85d44e0e\",\"name\":\"bergeriedelasouleuvre@gmail.com\",\"image\":{\"@type\":\"ImageObject\",\"inLanguage\":\"fr-FR\",\"@id\":\"https:\\\/\\\/secure.gravatar.com\\\/avatar\\\/30e5d31b862e3dde93a243ee57f96847eccea37df012207877d931b9b943d832?s=96&d=mm&r=g\",\"url\":\"https:\\\/\\\/secure.gravatar.com\\\/avatar\\\/30e5d31b862e3dde93a243ee57f96847eccea37df012207877d931b9b943d832?s=96&d=mm&r=g\",\"contentUrl\":\"https:\\\/\\\/secure.gravatar.com\\\/avatar\\\/30e5d31b862e3dde93a243ee57f96847eccea37df012207877d931b9b943d832?s=96&d=mm&r=g\",\"caption\":\"bergeriedelasouleuvre@gmail.com\"},\"description\":\"Situ\u00e9e au coeur du bocage Virois \u00e0 12 km de Vire et 50 km de Caen, la bergerie de la Souleuvre est une petite ferme de 56 ha. Vous la trouverez en quittant le bourg de Souleuvre en Bocage (Le B\u00e9ny-Bocage) et en vous dirigeant vers la vall\u00e9e de la Souleuvre. Vous apercevrez alors s\u00fbrement les brebis p\u00e2turant sur les prairies jouxtant le bourg. Ses terres s'\u00e9tendent dans une r\u00e9gion verdoyante et presque sauvage sur le bassin versant de la Souleuvre. La Souleuvre est une rivi\u00e8re qui s'\u00e9coule au milieu de collines, parfois escarp\u00e9es, et offre des magnifiques paysages de bocage \u00e0 ceux qui s'y prom\u00e8nent. Accueillant des esp\u00e8ces prot\u00e9g\u00e9es telles que l'\u00e9crevisse \u00e0 pattes blanches, le site naturel de la Vall\u00e9e de la Souleuvre est class\u00e9 en zone NATURA 2000. Une partie importante des terres de la ferme est situ\u00e9e au bord de la Souleuvre (\u00e0 cot\u00e9 d'une station de pompage d'eau potable, notamment) . Elle est donc class\u00e9e en zone NATURA 2000 et respecte donc des pratiques agricoles particuli\u00e8res afin de pr\u00e9server ce site exceptionnel.\",\"sameAs\":[\"http:\\\/\\\/bergeriedelasouleuvre.fr\"],\"url\":\"http:\\\/\\\/bergeriedelasouleuvre.fr\\\/index.php\\\/author\\\/bergeriedelasouleuvregmail-com\\\/\"}]}<\/script>\n<!-- \/ Yoast SEO plugin. -->","yoast_head_json":{"title":"Nos fromages affin\u00e9s - Bergerie de la Souleuvre","description":"\u00e0 la Bergerie, nous produisons des petits fromages affin\u00e9s. C'est un fromage lactique dans lequel nous ajoutons","robots":{"index":"index","follow":"follow","max-snippet":"max-snippet:-1","max-image-preview":"max-image-preview:large","max-video-preview":"max-video-preview:-1"},"canonical":"http:\/\/bergeriedelasouleuvre.fr\/index.php\/2022\/03\/16\/fromages-affines\/","og_locale":"fr_FR","og_type":"article","og_title":"Nos fromages affin\u00e9s","og_description":"\u00e0 la Bergerie, nous produisons des petits fromages affin\u00e9s. C'est un fromage lactique dans lequel nous ajoutons","og_url":"http:\/\/bergeriedelasouleuvre.fr\/index.php\/2022\/03\/16\/fromages-affines\/","og_site_name":"Bergerie de la Souleuvre","article_published_time":"2022-03-16T18:11:31+00:00","article_modified_time":"2022-03-26T18:00:04+00:00","og_image":[{"width":800,"height":369,"url":"http:\/\/bergeriedelasouleuvre.fr\/wp-content\/uploads\/2022\/03\/IMG_20220314_191943.jpg","type":"image\/jpeg"}],"author":"bergeriedelasouleuvre@gmail.com","twitter_card":"summary_large_image","twitter_misc":{"\u00c9crit par":"bergeriedelasouleuvre@gmail.com","Dur\u00e9e de lecture estim\u00e9e":"2 minutes"},"schema":{"@context":"https:\/\/schema.org","@graph":[{"@type":"Article","@id":"http:\/\/bergeriedelasouleuvre.fr\/index.php\/2022\/03\/16\/fromages-affines\/#article","isPartOf":{"@id":"http:\/\/bergeriedelasouleuvre.fr\/index.php\/2022\/03\/16\/fromages-affines\/"},"author":{"name":"bergeriedelasouleuvre@gmail.com","@id":"http:\/\/bergeriedelasouleuvre.fr\/#\/schema\/person\/d01029aeb61dda73bb76c26f85d44e0e"},"headline":"Nos fromages affin\u00e9s","datePublished":"2022-03-16T18:11:31+00:00","dateModified":"2022-03-26T18:00:04+00:00","mainEntityOfPage":{"@id":"http:\/\/bergeriedelasouleuvre.fr\/index.php\/2022\/03\/16\/fromages-affines\/"},"wordCount":71,"commentCount":0,"publisher":{"@id":"http:\/\/bergeriedelasouleuvre.fr\/#organization"},"image":{"@id":"http:\/\/bergeriedelasouleuvre.fr\/index.php\/2022\/03\/16\/fromages-affines\/#primaryimage"},"thumbnailUrl":"http:\/\/bergeriedelasouleuvre.fr\/wp-content\/uploads\/2022\/03\/IMG_20220314_191826.jpg","keywords":["Bergerie Souleuvre","Fromages affin\u00e9s"],"articleSection":["Articles"],"inLanguage":"fr-FR","potentialAction":[{"@type":"CommentAction","name":"Comment","target":["http:\/\/bergeriedelasouleuvre.fr\/index.php\/2022\/03\/16\/fromages-affines\/#respond"]}]},{"@type":"WebPage","@id":"http:\/\/bergeriedelasouleuvre.fr\/index.php\/2022\/03\/16\/fromages-affines\/","url":"http:\/\/bergeriedelasouleuvre.fr\/index.php\/2022\/03\/16\/fromages-affines\/","name":"Nos fromages affin\u00e9s - Bergerie de la Souleuvre","isPartOf":{"@id":"http:\/\/bergeriedelasouleuvre.fr\/#website"},"primaryImageOfPage":{"@id":"http:\/\/bergeriedelasouleuvre.fr\/index.php\/2022\/03\/16\/fromages-affines\/#primaryimage"},"image":{"@id":"http:\/\/bergeriedelasouleuvre.fr\/index.php\/2022\/03\/16\/fromages-affines\/#primaryimage"},"thumbnailUrl":"http:\/\/bergeriedelasouleuvre.fr\/wp-content\/uploads\/2022\/03\/IMG_20220314_191826.jpg","datePublished":"2022-03-16T18:11:31+00:00","dateModified":"2022-03-26T18:00:04+00:00","description":"\u00e0 la Bergerie, nous produisons des petits fromages affin\u00e9s. C'est un fromage lactique dans lequel nous ajoutons","breadcrumb":{"@id":"http:\/\/bergeriedelasouleuvre.fr\/index.php\/2022\/03\/16\/fromages-affines\/#breadcrumb"},"inLanguage":"fr-FR","potentialAction":[{"@type":"ReadAction","target":["http:\/\/bergeriedelasouleuvre.fr\/index.php\/2022\/03\/16\/fromages-affines\/"]}]},{"@type":"ImageObject","inLanguage":"fr-FR","@id":"http:\/\/bergeriedelasouleuvre.fr\/index.php\/2022\/03\/16\/fromages-affines\/#primaryimage","url":"http:\/\/bergeriedelasouleuvre.fr\/wp-content\/uploads\/2022\/03\/IMG_20220314_191826.jpg","contentUrl":"http:\/\/bergeriedelasouleuvre.fr\/wp-content\/uploads\/2022\/03\/IMG_20220314_191826.jpg","width":800,"height":369},{"@type":"BreadcrumbList","@id":"http:\/\/bergeriedelasouleuvre.fr\/index.php\/2022\/03\/16\/fromages-affines\/#breadcrumb","itemListElement":[{"@type":"ListItem","position":1,"name":"Accueil","item":"http:\/\/bergeriedelasouleuvre.fr\/"},{"@type":"ListItem","position":2,"name":"Nos fromages affin\u00e9s"}]},{"@type":"WebSite","@id":"http:\/\/bergeriedelasouleuvre.fr\/#website","url":"http:\/\/bergeriedelasouleuvre.fr\/","name":"Bergerie de la Souleuvre","description":"Produits fermiers au lait de brebis","publisher":{"@id":"http:\/\/bergeriedelasouleuvre.fr\/#organization"},"potentialAction":[{"@type":"SearchAction","target":{"@type":"EntryPoint","urlTemplate":"http:\/\/bergeriedelasouleuvre.fr\/?s={search_term_string}"},"query-input":{"@type":"PropertyValueSpecification","valueRequired":true,"valueName":"search_term_string"}}],"inLanguage":"fr-FR"},{"@type":"Organization","@id":"http:\/\/bergeriedelasouleuvre.fr\/#organization","name":"Bergerie de la Souleuvre","url":"http:\/\/bergeriedelasouleuvre.fr\/","logo":{"@type":"ImageObject","inLanguage":"fr-FR","@id":"http:\/\/bergeriedelasouleuvre.fr\/#\/schema\/logo\/image\/","url":"http:\/\/bergeriedelasouleuvre.fr\/wp-content\/uploads\/2022\/02\/cropped-cropped-logoPNG.png","contentUrl":"http:\/\/bergeriedelasouleuvre.fr\/wp-content\/uploads\/2022\/02\/cropped-cropped-logoPNG.png","width":512,"height":512,"caption":"Bergerie de la Souleuvre"},"image":{"@id":"http:\/\/bergeriedelasouleuvre.fr\/#\/schema\/logo\/image\/"}},{"@type":"Person","@id":"http:\/\/bergeriedelasouleuvre.fr\/#\/schema\/person\/d01029aeb61dda73bb76c26f85d44e0e","name":"bergeriedelasouleuvre@gmail.com","image":{"@type":"ImageObject","inLanguage":"fr-FR","@id":"https:\/\/secure.gravatar.com\/avatar\/30e5d31b862e3dde93a243ee57f96847eccea37df012207877d931b9b943d832?s=96&d=mm&r=g","url":"https:\/\/secure.gravatar.com\/avatar\/30e5d31b862e3dde93a243ee57f96847eccea37df012207877d931b9b943d832?s=96&d=mm&r=g","contentUrl":"https:\/\/secure.gravatar.com\/avatar\/30e5d31b862e3dde93a243ee57f96847eccea37df012207877d931b9b943d832?s=96&d=mm&r=g","caption":"bergeriedelasouleuvre@gmail.com"},"description":"Situ\u00e9e au coeur du bocage Virois \u00e0 12 km de Vire et 50 km de Caen, la bergerie de la Souleuvre est une petite ferme de 56 ha. Vous la trouverez en quittant le bourg de Souleuvre en Bocage (Le B\u00e9ny-Bocage) et en vous dirigeant vers la vall\u00e9e de la Souleuvre. Vous apercevrez alors s\u00fbrement les brebis p\u00e2turant sur les prairies jouxtant le bourg. Ses terres s'\u00e9tendent dans une r\u00e9gion verdoyante et presque sauvage sur le bassin versant de la Souleuvre. La Souleuvre est une rivi\u00e8re qui s'\u00e9coule au milieu de collines, parfois escarp\u00e9es, et offre des magnifiques paysages de bocage \u00e0 ceux qui s'y prom\u00e8nent. Accueillant des esp\u00e8ces prot\u00e9g\u00e9es telles que l'\u00e9crevisse \u00e0 pattes blanches, le site naturel de la Vall\u00e9e de la Souleuvre est class\u00e9 en zone NATURA 2000. Une partie importante des terres de la ferme est situ\u00e9e au bord de la Souleuvre (\u00e0 cot\u00e9 d'une station de pompage d'eau potable, notamment) . Elle est donc class\u00e9e en zone NATURA 2000 et respecte donc des pratiques agricoles particuli\u00e8res afin de pr\u00e9server ce site exceptionnel.","sameAs":["http:\/\/bergeriedelasouleuvre.fr"],"url":"http:\/\/bergeriedelasouleuvre.fr\/index.php\/author\/bergeriedelasouleuvregmail-com\/"}]}},"uagb_featured_image_src":{"full":false,"thumbnail":false,"medium":false,"medium_large":false,"large":false,"1536x1536":false,"2048x2048":false,"chic-lite-schema":false,"chic-lite-slider":false,"chic-lite-slider-one":false,"chic-lite-featured-four":false,"chic-lite-blog":false,"chic-lite-latest":false,"chic-lite-blog-one":false,"chic-lite-sidebar":false,"woocommerce_thumbnail":false,"woocommerce_single":false,"woocommerce_gallery_thumbnail":false},"uagb_author_info":{"display_name":"bergeriedelasouleuvre@gmail.com","author_link":"http:\/\/bergeriedelasouleuvre.fr\/index.php\/author\/bergeriedelasouleuvregmail-com\/"},"uagb_comment_info":0,"uagb_excerpt":"Entre autres fromages, \u00e0 la Bergerie, nous produisons des petits fromages affin\u00e9s. C&rsquo;est un fromage lactique dans lequel nous ajoutons, avant le caillage et au &hellip;","_links":{"self":[{"href":"http:\/\/bergeriedelasouleuvre.fr\/index.php\/wp-json\/wp\/v2\/posts\/4457","targetHints":{"allow":["GET"]}}],"collection":[{"href":"http:\/\/bergeriedelasouleuvre.fr\/index.php\/wp-json\/wp\/v2\/posts"}],"about":[{"href":"http:\/\/bergeriedelasouleuvre.fr\/index.php\/wp-json\/wp\/v2\/types\/post"}],"author":[{"embeddable":true,"href":"http:\/\/bergeriedelasouleuvre.fr\/index.php\/wp-json\/wp\/v2\/users\/1"}],"replies":[{"embeddable":true,"href":"http:\/\/bergeriedelasouleuvre.fr\/index.php\/wp-json\/wp\/v2\/comments?post=4457"}],"version-history":[{"count":1,"href":"http:\/\/bergeriedelasouleuvre.fr\/index.php\/wp-json\/wp\/v2\/posts\/4457\/revisions"}],"predecessor-version":[{"id":4464,"href":"http:\/\/bergeriedelasouleuvre.fr\/index.php\/wp-json\/wp\/v2\/posts\/4457\/revisions\/4464"}],"wp:attachment":[{"href":"http:\/\/bergeriedelasouleuvre.fr\/index.php\/wp-json\/wp\/v2\/media?parent=4457"}],"wp:term":[{"taxonomy":"category","embeddable":true,"href":"http:\/\/bergeriedelasouleuvre.fr\/index.php\/wp-json\/wp\/v2\/categories?post=4457"},{"taxonomy":"post_tag","embeddable":true,"href":"http:\/\/bergeriedelasouleuvre.fr\/index.php\/wp-json\/wp\/v2\/tags?post=4457"}],"curies":[{"name":"wp","href":"https:\/\/api.w.org\/{rel}","templated":true}]}}